{"id":6546,"date":"2025-01-01T12:14:39","date_gmt":"2025-01-01T11:14:39","guid":{"rendered":"https:\/\/www.mg-fribourg.ch\/?p=6546"},"modified":"2025-01-01T12:14:39","modified_gmt":"2025-01-01T11:14:39","slug":"bonne-annee-gutes-neues-jahr-2025","status":"publish","type":"post","link":"https:\/\/www.mg-fribourg.ch\/?p=6546","title":{"rendered":"Bonne ann\u00e9e \/ Gutes Neues Jahr 2025"},"content":{"rendered":"\n<figure class=\"wp-block-image size-full\"><img loading=\"lazy\" decoding=\"async\" width=\"227\" height=\"234\" src=\"https:\/\/www.mg-fribourg.ch\/wp-content\/uploads\/telechargement.jpg\" alt=\"\" class=\"wp-image-6547\"\/><\/figure>\n\n\n\n<!--more-->\n\n\n\n<p>Chers amis mod\u00e9listes, <br \/>Le comit\u00e9 vous souhaite \u00e0 tous r\u00e9ussite, sant\u00e9 et bonheur pour cette ann\u00e9e 2025. Nous nous r\u00e9jouissons de vous retrouver \u00e0 la piste ou sur un autre site pour de magnifiques vol ainsi que pour partager le plaisir d&#8217;une amiti\u00e9 et et d&#8217;une coll\u00e9gialit\u00e9 pr\u00e9cieuses. A tr\u00e8s bient\u00f4t.<br \/>Cordiales salutations.<br \/><br \/>Liebe Fliegerkollegen<br \/>Der Vorstand w\u00fcnscht Ihnen allen Erfolg, Gesundheit und Gl\u00fcck f\u00fcr das Jahr 2025. Wir freuen uns darauf, Sie auf der Piste oder am Hang zu treffen, um wundersch\u00f6ne Fl\u00fcge zu erleben und die Freude an einer wertvollen Freundschaft und Kollegialit\u00e4t zu teilen. Bis bald.<br \/>Herzliche Gr\u00fc\u00dfe.<\/p>\n\n\n\n<p><\/p>\n","protected":false},"excerpt":{"rendered":"","protected":false},"author":5,"featured_media":0,"comment_status":"open","ping_status":"closed","sticky":false,"template":"","format":"standard","meta":{"footnotes":""},"categories":[3],"tags":[],"class_list":["post-6546","post","type-post","status-publish","format-standard","hentry","category-artikel-recits"],"_links":{"self":[{"href":"https:\/\/www.mg-fribourg.ch\/index.php?rest_route=\/wp\/v2\/posts\/6546","targetHints":{"allow":["GET"]}}],"collection":[{"href":"https:\/\/www.mg-fribourg.ch\/index.php?rest_route=\/wp\/v2\/posts"}],"about":[{"href":"https:\/\/www.mg-fribourg.ch\/index.php?rest_route=\/wp\/v2\/types\/post"}],"author":[{"embeddable":true,"href":"https:\/\/www.mg-fribourg.ch\/index.php?rest_route=\/wp\/v2\/users\/5"}],"replies":[{"embeddable":true,"href":"https:\/\/www.mg-fribourg.ch\/index.php?rest_route=%2Fwp%2Fv2%2Fcomments&post=6546"}],"version-history":[{"count":1,"href":"https:\/\/www.mg-fribourg.ch\/index.php?rest_route=\/wp\/v2\/posts\/6546\/revisions"}],"predecessor-version":[{"id":6548,"href":"https:\/\/www.mg-fribourg.ch\/index.php?rest_route=\/wp\/v2\/posts\/6546\/revisions\/6548"}],"wp:attachment":[{"href":"https:\/\/www.mg-fribourg.ch\/index.php?rest_route=%2Fwp%2Fv2%2Fmedia&parent=6546"}],"wp:term":[{"taxonomy":"category","embeddable":true,"href":"https:\/\/www.mg-fribourg.ch\/index.php?rest_route=%2Fwp%2Fv2%2Fcategories&post=6546"},{"taxonomy":"post_tag","embeddable":true,"href":"https:\/\/www.mg-fribourg.ch\/index.php?rest_route=%2Fwp%2Fv2%2Ftags&post=6546"}],"curies":[{"name":"wp","href":"https:\/\/api.w.org\/{rel}","templated":true}]}}